{"id":7700,"date":"2025-10-22T14:35:00","date_gmt":"2025-10-22T17:35:00","guid":{"rendered":"https:\/\/novoitacolomi.pr.gov.br\/portal\/?p=7700"},"modified":"2025-10-22T14:35:01","modified_gmt":"2025-10-22T17:35:01","slug":"edital-1","status":"publish","type":"post","link":"https:\/\/novoitacolomi.pr.gov.br\/portal\/?p=7700","title":{"rendered":"EDITAL 1"},"content":{"rendered":"\n<p>Convoca\u00e7\u00e3o de Assembleia Geral Ordin\u00e1ria para Elei\u00e7\u00e3o dos Autodefensores da APAE de Novo Itacolomi.<\/p>\n\n\n\n<figure class=\"wp-block-gallery has-nested-images columns-default is-cropped wp-block-gallery-1 is-layout-flex wp-block-gallery-is-layout-flex\">\n<figure class=\"wp-block-image size-large\"><img loading=\"lazy\" decoding=\"async\" width=\"720\" height=\"975\" data-id=\"7701\" src=\"https:\/\/novoitacolomi.pr.gov.br\/portal\/wp-content\/uploads\/2025\/10\/edital-01.jpeg\" alt=\"\" class=\"wp-image-7701\" srcset=\"https:\/\/novoitacolomi.pr.gov.br\/portal\/wp-content\/uploads\/2025\/10\/edital-01.jpeg 720w, https:\/\/novoitacolomi.pr.gov.br\/portal\/wp-content\/uploads\/2025\/10\/edital-01-222x300.jpeg 222w, https:\/\/novoitacolomi.pr.gov.br\/portal\/wp-content\/uploads\/2025\/10\/edital-01-80x108.jpeg 80w\" sizes=\"auto, (max-width: 720px) 100vw, 720px\" \/><\/figure>\n<\/figure>\n<!-- AddThis Advanced Settings generic via filter on the_content --><!-- AddThis Share Buttons generic via filter on the_content -->","protected":false},"excerpt":{"rendered":"<p>Convoca\u00e7\u00e3o de Assembleia Geral Ordin\u00e1ria para Elei\u00e7\u00e3o dos Autodefensores da APAE de Novo Itacolomi.<!-- AddThis Advanced Settings generic via filter on get_the_excerpt --><!-- AddThis Share Buttons generic via filter on get_the_excerpt --><\/p>\n","protected":false},"author":5,"featured_media":7701,"comment_status":"open","ping_status":"open","sticky":false,"template":"","format":"standard","meta":{"footnotes":""},"categories":[22,15,65],"tags":[],"class_list":["post-7700","post","type-post","status-publish","format-standard","has-post-thumbnail","hentry","category-editais","category-noticias","category-noticias-2"],"_links":{"self":[{"href":"https:\/\/novoitacolomi.pr.gov.br\/portal\/index.php?rest_route=\/wp\/v2\/posts\/7700","targetHints":{"allow":["GET"]}}],"collection":[{"href":"https:\/\/novoitacolomi.pr.gov.br\/portal\/index.php?rest_route=\/wp\/v2\/posts"}],"about":[{"href":"https:\/\/novoitacolomi.pr.gov.br\/portal\/index.php?rest_route=\/wp\/v2\/types\/post"}],"author":[{"embeddable":true,"href":"https:\/\/novoitacolomi.pr.gov.br\/portal\/index.php?rest_route=\/wp\/v2\/users\/5"}],"replies":[{"embeddable":true,"href":"https:\/\/novoitacolomi.pr.gov.br\/portal\/index.php?rest_route=%2Fwp%2Fv2%2Fcomments&post=7700"}],"version-history":[{"count":1,"href":"https:\/\/novoitacolomi.pr.gov.br\/portal\/index.php?rest_route=\/wp\/v2\/posts\/7700\/revisions"}],"predecessor-version":[{"id":7702,"href":"https:\/\/novoitacolomi.pr.gov.br\/portal\/index.php?rest_route=\/wp\/v2\/posts\/7700\/revisions\/7702"}],"wp:featuredmedia":[{"embeddable":true,"href":"https:\/\/novoitacolomi.pr.gov.br\/portal\/index.php?rest_route=\/wp\/v2\/media\/7701"}],"wp:attachment":[{"href":"https:\/\/novoitacolomi.pr.gov.br\/portal\/index.php?rest_route=%2Fwp%2Fv2%2Fmedia&parent=7700"}],"wp:term":[{"taxonomy":"category","embeddable":true,"href":"https:\/\/novoitacolomi.pr.gov.br\/portal\/index.php?rest_route=%2Fwp%2Fv2%2Fcategories&post=7700"},{"taxonomy":"post_tag","embeddable":true,"href":"https:\/\/novoitacolomi.pr.gov.br\/portal\/index.php?rest_route=%2Fwp%2Fv2%2Ftags&post=7700"}],"curies":[{"name":"wp","href":"https:\/\/api.w.org\/{rel}","templated":true}]}}