{"id":7601,"date":"2025-01-06T17:19:14","date_gmt":"2025-01-06T20:19:14","guid":{"rendered":"https:\/\/novoitacolomi.pr.gov.br\/portal\/?p=7601"},"modified":"2025-01-06T17:19:15","modified_gmt":"2025-01-06T20:19:15","slug":"prefeitura-de-novo-itacolomi-abre-processo-para-selecao-de-farmaceutico","status":"publish","type":"post","link":"https:\/\/novoitacolomi.pr.gov.br\/portal\/?p=7601","title":{"rendered":"PREFEITURA DE NOVO ITACOLOMI ABRE PROCESSO PARA SELE\u00c7\u00c3O DE FARMAC\u00caUTICO"},"content":{"rendered":"\n<p>PROCESSO SELETIVO SIMPLIFICADO<\/p>\n\n\n\n<p><a href=\"https:\/\/drive.google.com\/file\/d\/12AYV6KWmoGun3uXQtBABR2l7WTLZO8k4\/view?usp=sharing\">https:\/\/drive.google.com\/file\/d\/12AYV6KWmoGun3uXQtBABR2l7WTLZO8k4\/view?usp=sharing<\/a><\/p>\n\n\n\n<figure class=\"wp-block-image size-large\"><img loading=\"lazy\" decoding=\"async\" width=\"724\" height=\"1024\" src=\"https:\/\/novoitacolomi.pr.gov.br\/portal\/wp-content\/uploads\/2025\/01\/FARMER-724x1024.jpeg\" alt=\"\" class=\"wp-image-7602\" srcset=\"https:\/\/novoitacolomi.pr.gov.br\/portal\/wp-content\/uploads\/2025\/01\/FARMER-724x1024.jpeg 724w, https:\/\/novoitacolomi.pr.gov.br\/portal\/wp-content\/uploads\/2025\/01\/FARMER-212x300.jpeg 212w, https:\/\/novoitacolomi.pr.gov.br\/portal\/wp-content\/uploads\/2025\/01\/FARMER-768x1087.jpeg 768w, https:\/\/novoitacolomi.pr.gov.br\/portal\/wp-content\/uploads\/2025\/01\/FARMER-80x113.jpeg 80w, https:\/\/novoitacolomi.pr.gov.br\/portal\/wp-content\/uploads\/2025\/01\/FARMER.jpeg 949w\" sizes=\"auto, (max-width: 724px) 100vw, 724px\" \/><\/figure>\n<!-- AddThis Advanced Settings generic via filter on the_content --><!-- AddThis Share Buttons generic via filter on the_content -->","protected":false},"excerpt":{"rendered":"<p>PROCESSO SELETIVO SIMPLIFICADO https:\/\/drive.google.com\/file\/d\/12AYV6KWmoGun3uXQtBABR2l7WTLZO8k4\/view?usp=sharing<!-- AddThis Advanced Settings generic via filter on get_the_excerpt --><!-- AddThis Share Buttons generic via filter on get_the_excerpt --><\/p>\n","protected":false},"author":5,"featured_media":0,"comment_status":"open","ping_status":"open","sticky":false,"template":"","format":"standard","meta":{"footnotes":""},"categories":[15,65,44],"tags":[],"class_list":["post-7601","post","type-post","status-publish","format-standard","hentry","category-noticias","category-noticias-2","category-secretaria-da-saude"],"_links":{"self":[{"href":"https:\/\/novoitacolomi.pr.gov.br\/portal\/index.php?rest_route=\/wp\/v2\/posts\/7601","targetHints":{"allow":["GET"]}}],"collection":[{"href":"https:\/\/novoitacolomi.pr.gov.br\/portal\/index.php?rest_route=\/wp\/v2\/posts"}],"about":[{"href":"https:\/\/novoitacolomi.pr.gov.br\/portal\/index.php?rest_route=\/wp\/v2\/types\/post"}],"author":[{"embeddable":true,"href":"https:\/\/novoitacolomi.pr.gov.br\/portal\/index.php?rest_route=\/wp\/v2\/users\/5"}],"replies":[{"embeddable":true,"href":"https:\/\/novoitacolomi.pr.gov.br\/portal\/index.php?rest_route=%2Fwp%2Fv2%2Fcomments&post=7601"}],"version-history":[{"count":1,"href":"https:\/\/novoitacolomi.pr.gov.br\/portal\/index.php?rest_route=\/wp\/v2\/posts\/7601\/revisions"}],"predecessor-version":[{"id":7603,"href":"https:\/\/novoitacolomi.pr.gov.br\/portal\/index.php?rest_route=\/wp\/v2\/posts\/7601\/revisions\/7603"}],"wp:attachment":[{"href":"https:\/\/novoitacolomi.pr.gov.br\/portal\/index.php?rest_route=%2Fwp%2Fv2%2Fmedia&parent=7601"}],"wp:term":[{"taxonomy":"category","embeddable":true,"href":"https:\/\/novoitacolomi.pr.gov.br\/portal\/index.php?rest_route=%2Fwp%2Fv2%2Fcategories&post=7601"},{"taxonomy":"post_tag","embeddable":true,"href":"https:\/\/novoitacolomi.pr.gov.br\/portal\/index.php?rest_route=%2Fwp%2Fv2%2Ftags&post=7601"}],"curies":[{"name":"wp","href":"https:\/\/api.w.org\/{rel}","templated":true}]}}